{"id":1408,"date":"2014-02-12T17:00:42","date_gmt":"2014-02-12T15:00:42","guid":{"rendered":"http:\/\/luiza.manolea.ro\/blog\/?p=1408"},"modified":"2014-02-13T16:35:08","modified_gmt":"2014-02-13T14:35:08","slug":"cum-obtii-un-certificat-de-urbanism-de-la-sectorul-5-fara-spaga","status":"publish","type":"post","link":"https:\/\/luiza.manolea.ro\/blog\/2014\/02\/12\/cum-obtii-un-certificat-de-urbanism-de-la-sectorul-5-fara-spaga\/","title":{"rendered":"Cum ob\u0163ii un certificat de urbanism de la sectorul 5 f\u0103r\u0103 \u015fpag\u0103"},"content":{"rendered":"<p><a href=\"https:\/\/luiza.manolea.ro\/blog\/wp-content\/uploads\/2014\/01\/Conflict_httpwww.flickr.comphotosapelad_CC-By.jpg\"><img loading=\"lazy\" decoding=\"async\" class=\"alignleft size-thumbnail wp-image-1409\" alt=\"CC By http:\/\/www.flickr.com\/photos\/apelad\" src=\"https:\/\/luiza.manolea.ro\/blog\/wp-content\/uploads\/2014\/01\/Conflict_httpwww.flickr.comphotosapelad_CC-By-150x150.jpg\" width=\"1\" height=\"1\" srcset=\"https:\/\/luiza.manolea.ro\/blog\/wp-content\/uploads\/2014\/01\/Conflict_httpwww.flickr.comphotosapelad_CC-By-150x150.jpg 150w, https:\/\/luiza.manolea.ro\/blog\/wp-content\/uploads\/2014\/01\/Conflict_httpwww.flickr.comphotosapelad_CC-By.jpg 240w\" sizes=\"auto, (max-width: 1px) 100vw, 1px\" \/><\/a> \u00cen ciuda etichetei de &#8220;prim\u0103rie-problem\u0103&#8221;, experien\u0163a recent\u0103 a f\u0103cut s\u0103 ob\u0163in un certificat de urbanism de la Prim\u0103ria Sector 5 referitor la extinderea unei cl\u0103diri reziden\u0163iale. F\u0103r\u0103 \u015fpag\u0103.<\/p>\n<p>Cum? Recunosc, a fost ceva tam-tam, c\u0103ci eliberarea lui s-a f\u0103cut cu o \u00eent\u00e2rziere de aproape trei s\u0103pt\u0103m\u00e2ni fa\u0163\u0103 de termenul de 30 de zile calendaristice prev\u0103zute de art. 6 alin. 2 din <a href=\"https:\/\/luiza.manolea.ro\/blog\/?page_id=592&amp;preview=true\" target=\"_blank\">Legea nr. 50\/1991<\/a>, r\u0103stimp \u00een care:<\/p>\n<ul>\n<li>aproape c\u0103 am monopolizat telefonul de la Rela\u0163ii cu Publicul (021.314.46.80\/ int. 153), de la Serviciul Urbanism, Autoriza\u0163ii de Construire (int. 114), care m\u0103 trimiteau s\u0103 sun la int. 177 pentru aflarea stadiului solu\u0163ion\u0103rii cererii (&#8220;nu este gata&#8221;);<\/li>\n<li>am f\u0103cut cerere de audien\u0163\u0103 la primarul Marian Vanghelie (fax: 021.314.49.90). Inform\u00e2ndu-m\u0103 mai bine, am aflat c\u0103 dumnealui nu d\u0103 audien\u0163e, c\u0103ci i-a delegat aceast\u0103 obliga\u0163ie?\/corvoad\u0103?\/ pl\u0103cere? de a se \u00eent\u00e2lni cu cet\u0103\u0163enii dlui. viceprimar Dan Croitoru, a\u015fadar am adresat cererea viceprimarului (fax: 021.311.04.65);<\/li>\n<li>am descris demersurile f\u0103cute pe site-ul Prim\u0103riei Sectorului 5, prin intermediul formularului &#8220;Vanghelie te ascult\u0103&#8221;, pe conturile de facebook ale dlui. primar \u015fi dlui. viceprimar;<\/li>\n<li>am f\u0103cut cerere de audien\u0163\u0103 la <a href=\"http:\/\/isc-web.ro\/content\/directia_Bucuresti-Ilfov.html\" target=\"_blank\">Domnul Inspector \u015eef Regional Lauren\u0163iu Dan TUDOR &#8211; Inspectoratul Regional \u00een Construc\u0163ii Bucure\u015fti-Ilfov<\/a>, dat\u0103 fiind competen\u0163a organelor de control ale acestei institu\u0163ii de a constata \u015fi sanc\u0163iona (amend\u0103 \u00eentre 5000 \u015fi 30000 lei, f\u0103r\u0103 posibilitatea avertismentului) \u00eent\u00e2rzierile \u00een emiterea certificatelor de urbanism, potrivit art. art. 27 alin. 4 din Legea nr. 50\/1991;<\/li>\n<li>am studiat jurispruden\u0163a Tribunalului Bucure\u015fti pe subiectul oblig\u0103rii autorit\u0103\u0163ii publice locale de a emite certificatele de urbanism; <a href=\"http:\/\/www.jurisprudenta.com\/speta\/obligare-emitere-act-administrativ-q772v\/\" target=\"_blank\">vezi un exemplu aici<\/a>;<\/li>\n<li>am f\u0103cut munc\u0103 de cercetare \u00een urma c\u0103reia am aflat c\u0103, de exemplu:\n<ul>\n<li>imaginea Prim\u0103riei Sectorului 5 nu este foarte bun\u0103: vezi critici de <a href=\"http:\/\/www.romaniacurata.ro\/pagina-web-a-primariei-sectorului-5-incalca-mai-multe-reguli-decat-pre-1380.htm\" target=\"_blank\">netransparen\u0163\u0103<\/a> \u015fi de <a href=\"http:\/\/www.b365.ro\/cum-obtii-autorizatie-de-constructie-in-sectorul-5-ori-astepti-luni-de-zile-ori-dai-spaga_187643.html\" target=\"_blank\">corup\u0163ie<\/a>;<\/li>\n<li>departamentul de urbanism se \u00eennoie\u015fte: tocmai ce<a href=\"http:\/\/posturi.gov.ro\/post\/arhitect-sef-primaria-sector-5-bucuresti\/\" target=\"_blank\"> a scos la concurs postul de arhitect-\u015fef<\/a> \u015fi va organiza pe <a href=\"http:\/\/posturi.gov.ro\/post\/sef-serviciu-primaria-sector-5-municipiul-bucurest\/\" target=\"_blank\">4 martie 2014 un concurs pentru ocuparea postului vacant de \u015fef serviciu la Serviciul Urbanism, Autoriza\u0163ii de Construire.<\/a><\/li>\n<\/ul>\n<\/li>\n<\/ul>\n<p>La ce a folosit? La \u00eencurajarea voastr\u0103 &#8211; at\u00e2t peten\u0163i, c\u00e2t \u015fi func\u0163ionari &#8211; s\u0103 nu v\u0103 enerva\u0163i, s\u0103 fi\u0163i calmi, <strong>\u00eens\u0103 pasivi ori indiferen\u0163i NU<\/strong>!<\/p>\n<p>Am \u00eencununat acest demers normal &#8211; solu\u0163ionarea unei cereri adresat\u0103 autorit\u0103\u0163ilor publice locale &#8211; cu o contribu\u0163ie cum c\u0103 am rezolvat f\u0103r\u0103 \u015fpag\u0103 pe <a href=\"http:\/\/www.piatadespaga.ro\/\" target=\"_blank\">www.piatadespaga.ro<\/a>.<\/p>\n<p>Succes!<\/p>\n<p>&nbsp;<\/p>\n","protected":false},"excerpt":{"rendered":"<p>\u00cen ciuda etichetei de &#8220;prim\u0103rie-problem\u0103&#8221;, experien\u0163a recent\u0103 a f\u0103cut s\u0103 ob\u0163in un certificat de urbanism de la Prim\u0103ria Sector 5 referitor la extinderea unei cl\u0103diri reziden\u0163iale. F\u0103r\u0103 \u015fpag\u0103. Cum? Recunosc, a fost ceva tam-tam, c\u0103ci eliberarea lui s-a f\u0103cut cu o \u00eent\u00e2rziere de aproape trei s\u0103pt\u0103m\u00e2ni fa\u0163\u0103 de termenul de 30 de zile calendaristice prev\u0103zute [&hellip;]<\/p>\n","protected":false},"author":2,"featured_media":0,"comment_status":"open","ping_status":"closed","sticky":false,"template":"","format":"standard","meta":{"footnotes":""},"categories":[3,57],"tags":[],"class_list":["post-1408","post","type-post","status-publish","format-standard","hentry","category-dreptul-afacerilor","category-autoritati"],"aioseo_notices":[],"_links":{"self":[{"href":"https:\/\/luiza.manolea.ro\/blog\/wp-json\/wp\/v2\/posts\/1408","targetHints":{"allow":["GET"]}}],"collection":[{"href":"https:\/\/luiza.manolea.ro\/blog\/wp-json\/wp\/v2\/posts"}],"about":[{"href":"https:\/\/luiza.manolea.ro\/blog\/wp-json\/wp\/v2\/types\/post"}],"author":[{"embeddable":true,"href":"https:\/\/luiza.manolea.ro\/blog\/wp-json\/wp\/v2\/users\/2"}],"replies":[{"embeddable":true,"href":"https:\/\/luiza.manolea.ro\/blog\/wp-json\/wp\/v2\/comments?post=1408"}],"version-history":[{"count":7,"href":"https:\/\/luiza.manolea.ro\/blog\/wp-json\/wp\/v2\/posts\/1408\/revisions"}],"predecessor-version":[{"id":1459,"href":"https:\/\/luiza.manolea.ro\/blog\/wp-json\/wp\/v2\/posts\/1408\/revisions\/1459"}],"wp:attachment":[{"href":"https:\/\/luiza.manolea.ro\/blog\/wp-json\/wp\/v2\/media?parent=1408"}],"wp:term":[{"taxonomy":"category","embeddable":true,"href":"https:\/\/luiza.manolea.ro\/blog\/wp-json\/wp\/v2\/categories?post=1408"},{"taxonomy":"post_tag","embeddable":true,"href":"https:\/\/luiza.manolea.ro\/blog\/wp-json\/wp\/v2\/tags?post=1408"}],"curies":[{"name":"wp","href":"https:\/\/api.w.org\/{rel}","templated":true}]}}