{"id":1370,"date":"2013-12-17T12:48:26","date_gmt":"2013-12-17T10:48:26","guid":{"rendered":"http:\/\/luiza.manolea.ro\/blog\/?p=1370"},"modified":"2013-12-17T12:48:26","modified_gmt":"2013-12-17T10:48:26","slug":"rol-mai-important-al-ministrului-delegat-cu-energia","status":"publish","type":"post","link":"https:\/\/luiza.manolea.ro\/blog\/2013\/12\/17\/rol-mai-important-al-ministrului-delegat-cu-energia\/","title":{"rendered":"Rol mai important al ministrului delegat cu energia"},"content":{"rendered":"<p><a href=\"https:\/\/luiza.manolea.ro\/blog\/wp-content\/uploads\/2010\/04\/Escher-hands_httpwww.flickr.comphotosrobbie73_CC-By-SA1.jpg\"><img loading=\"lazy\" decoding=\"async\" class=\"alignleft size-thumbnail wp-image-250\" alt=\"Escher hands_Imagine http:\/\/www.flickr.com\/photos\/robbie73 CC By SA\" src=\"https:\/\/luiza.manolea.ro\/blog\/wp-content\/uploads\/2010\/04\/Escher-hands_httpwww.flickr.comphotosrobbie73_CC-By-SA1-150x150.jpg\" width=\"1\" height=\"1\" srcset=\"https:\/\/luiza.manolea.ro\/blog\/wp-content\/uploads\/2010\/04\/Escher-hands_httpwww.flickr.comphotosrobbie73_CC-By-SA1-150x150.jpg 150w, https:\/\/luiza.manolea.ro\/blog\/wp-content\/uploads\/2010\/04\/Escher-hands_httpwww.flickr.comphotosrobbie73_CC-By-SA1.jpg 240w\" sizes=\"auto, (max-width: 1px) 100vw, 1px\" \/><\/a>In <a href=\"http:\/\/gov.ro\/ro\/guvernul\/sedinte-guvern\/informatie-de-presa-privind-actele-normative-incluse-pe-agenda-sedintei-guvernului-romaniei-din-11-decembrie-ora-12-00\" target=\"_blank\">sedinta din 11 decembrie 2013 a Guvernului s-a adoptat un proiect de lege<\/a> prin care ministrul delegat pentru energie va putea sa avizeze singur &#8211; fara sa mai aiba nevoie, deci, de semnatura ministrului economiei &#8211; proiectele de acte normative din domeniul energiei.<\/p>\n<p>Asadar, puterea de decizie a dlui. ministru Constantin Nita creste.<\/p>\n<p>Actul normativ care va suferi modificari este OUG nr. 96\/2012. Articolele relevante se gasesc mai jos:<\/p>\n<p>Art. 4<\/p>\n<p>(&#8230;) (3)\u00cen cadrul Ministerului Economiei se \u00eenfiin\u0163eaz\u0103 Departamentul pentru Energie, ca organ de specialitate, cu personalitate juridic\u0103, finan\u0163at prin bugetul ministerului, cu atribu\u0163ii \u00een coordonarea la nivel na\u0163ional a domeniilor energetic \u015fi resurselor energetice.<\/p>\n<p>(3^1) Conducerea Departamentului pentru Energie se exercit\u0103 de c\u0103tre ministrul delegat pentru energie.<\/p>\n<p>(3^2) Ministrul delegat pentru energie reprezint\u0103 Departamentul pentru Energie \u00een raporturile cu celelalte autorit\u0103\u0163i publice, cu persoanele juridice \u015fi fizice din \u0163ar\u0103 \u015fi din str\u0103in\u0103tate, precum \u015fi \u00een justi\u0163ie.<\/p>\n<p>(3^3) \u00cen exercitarea atribu\u0163iilor ce \u00eei revin, ministrul delegat emite ordine \u015fi instruc\u0163iuni, \u00een condi\u0163iile legii.<\/p>\n<p>(3^4) Ministrul delegat \u00ee\u015fi \u00eendepline\u015fte atribu\u0163iile ce \u00eei revin pe domeniile specifice, folosind structurile proprii ale departamentului, precum \u015fi prin institu\u0163iile aflate \u00een subordonarea, coordonarea sau autoritatea Ministerului Economiei, specifice domeniului coordonat,<\/p>\n<p>(3^5) Ministrul delegat nume\u015fte \u015fi elibereaz\u0103 din func\u0163ie personalul Departamentului pentru Energie, \u00een condi\u0163iile legii.<\/p>\n<p>(3^6) \u00cen activitatea de conducere a Departamentului pentru Energie, ministrul delegat este ajutat de unul sau mai mul\u0163i secretari de stat, potrivit hot\u0103r\u00e2rii Guvernului privind organizarea \u015fi func\u0163ionarea Ministerului Economiei.<\/p>\n<p>Art. 15<\/p>\n<p>(1)Ministrul delegat \u00eendepline\u015fte atribu\u0163iile ordonatorului principal de credite al ministerului \u00een domeniile pentru care a fost \u00eenvestit.<\/p>\n<p>(2)Ministrul delegat angajeaz\u0103 ministerul \u00een raporturile cu ter\u0163ii \u00een domeniile pentru care a fost \u00eenvestit.<\/p>\n<p><strong>(3)Ministrul delegat ini\u0163iaz\u0103 \u015fi avizeaz\u0103 proiectele de acte normative, respectiv contrasemneaz\u0103 actele normative adoptate potrivit legii, corespunz\u0103tor domeniilor pentru care a fost \u00eenvestit,<span style=\"text-decoration: underline;\"> \u00eempreun\u0103 cu conduc\u0103torul ministerului.<\/span><\/strong><\/p>\n<p>(3^1)Ministrul delegat emite ordine \u015fi instruc\u0163iuni, \u00een condi\u0163iile legii, \u00een domeniile pentru care a fost \u00eenvestit, inclusiv pentru aprobarea statului de func\u0163ii, a regulamentului de organizare \u015fi func\u0163ionare \u015fi pentru reglementarea raporturilor de munc\u0103 sau de serviciu ale personalului, aferente structurilor corespunz\u0103toare domeniilor coordonate.<\/p>\n<p>(3^2)Ministrul delegat \u00eendepline\u015fte atribu\u0163iile stabilite prin actul normativ de organizare \u015fi func\u0163ionare a ministerului \u00een care \u00ee\u015fi desf\u0103\u015foar\u0103 activitatea.<\/p>\n<p>(3^3)Ministrul delegat \u00ee\u015fi \u00eendepline\u015fte atribu\u0163iile ce \u00eei revin pe domeniile specifice folosind aparatul propriu al ministerului, precum \u015fi prin institu\u0163iile aflate \u00een subordonarea, coordonarea sau autoritatea ministerului, specifice domeniului coordonat.<\/p>\n<p>&nbsp;<\/p>\n","protected":false},"excerpt":{"rendered":"<p>In sedinta din 11 decembrie 2013 a Guvernului s-a adoptat un proiect de lege prin care ministrul delegat pentru energie va putea sa avizeze singur &#8211; fara sa mai aiba nevoie, deci, de semnatura ministrului economiei &#8211; proiectele de acte normative din domeniul energiei. Asadar, puterea de decizie a dlui. ministru Constantin Nita creste. Actul [&hellip;]<\/p>\n","protected":false},"author":2,"featured_media":0,"comment_status":"open","ping_status":"closed","sticky":false,"template":"","format":"standard","meta":{"footnotes":""},"categories":[3,55],"tags":[349],"class_list":["post-1370","post","type-post","status-publish","format-standard","hentry","category-dreptul-afacerilor","category-legislatie","tag-ministrul-energiei"],"aioseo_notices":[],"_links":{"self":[{"href":"https:\/\/luiza.manolea.ro\/blog\/wp-json\/wp\/v2\/posts\/1370","targetHints":{"allow":["GET"]}}],"collection":[{"href":"https:\/\/luiza.manolea.ro\/blog\/wp-json\/wp\/v2\/posts"}],"about":[{"href":"https:\/\/luiza.manolea.ro\/blog\/wp-json\/wp\/v2\/types\/post"}],"author":[{"embeddable":true,"href":"https:\/\/luiza.manolea.ro\/blog\/wp-json\/wp\/v2\/users\/2"}],"replies":[{"embeddable":true,"href":"https:\/\/luiza.manolea.ro\/blog\/wp-json\/wp\/v2\/comments?post=1370"}],"version-history":[{"count":2,"href":"https:\/\/luiza.manolea.ro\/blog\/wp-json\/wp\/v2\/posts\/1370\/revisions"}],"predecessor-version":[{"id":1372,"href":"https:\/\/luiza.manolea.ro\/blog\/wp-json\/wp\/v2\/posts\/1370\/revisions\/1372"}],"wp:attachment":[{"href":"https:\/\/luiza.manolea.ro\/blog\/wp-json\/wp\/v2\/media?parent=1370"}],"wp:term":[{"taxonomy":"category","embeddable":true,"href":"https:\/\/luiza.manolea.ro\/blog\/wp-json\/wp\/v2\/categories?post=1370"},{"taxonomy":"post_tag","embeddable":true,"href":"https:\/\/luiza.manolea.ro\/blog\/wp-json\/wp\/v2\/tags?post=1370"}],"curies":[{"name":"wp","href":"https:\/\/api.w.org\/{rel}","templated":true}]}}